{"id":3175,"date":"2015-05-18T08:04:53","date_gmt":"2015-05-18T13:04:53","guid":{"rendered":"http:\/\/www.enation.fm\/artists\/?p=3175"},"modified":"2020-06-01T06:59:42","modified_gmt":"2020-06-01T11:59:42","slug":"cristian-varela-radio-show","status":"publish","type":"post","link":"https:\/\/www.enation.fm\/artists\/enationradio\/cristian-varela-radio-show","title":{"rendered":"Cristian Varela Radio Show"},"content":{"rendered":"<div class=\"page\" title=\"Page 2\">\n<div class=\"section\">\n<div class=\"layoutArea\">\n<div class=\"column\">\n<p>Este manual b\u00e1sico de identidad corporativa ha sido creado como referencia y gu\u00eda de normas b\u00e1sicas para la correcta y unificada utilizaci\u00f3n de los elementos gr\u00e1ficos que conforman la imagen corporativa de Cristian Varela.<\/p>\n<p>Este manual es, por tanto, una herramienta indispensable y de obligado seguimiento para la aplicaci\u00f3n de los elementos que en la misma se definen. Cualquier uso de estos elementos de forma diferente a la expresada en este manual se considerar\u00e1 incorrecta.<\/p>\n<p>Pese a su car\u00e1cter de norma b\u00e1sica, es intenci\u00f3n de este manual de identidad abarcar la utilizaci\u00f3n de los elementos gr\u00e1ficos corporativos tanto para medios on-line como para soportes impresos.<\/p>\n<\/div>\n<div class=\"page\" title=\"Page 4\">\n<div class=\"section\">\n<div class=\"layoutArea\">\n<div class=\"column\">\n<p>Cristian Varela (Madrid, 1975) lleva m\u00e1s de veinte a\u00f1os brillando con luz propia en la escena electr\u00f3nica internacional y est\u00e1 considerado como un aut\u00e9ntico especialista en m\u00fasica contempor\u00e1nea, sinf\u00f3nica y experimental. Su personalidad multidisciplinar, gran carisma y una creatividad excepcional le han permitido ocupar un lugar destacado en la escena. Cristian Varela es DJ, productor, compositor, promotor y empresario. Un artista total.Uno de sus rasgos definitorios es su extenso bagaje como compositor y arreglista. Compone m\u00fasica para cine, teatro, publicidad y espect\u00e1culos desde 1986. Ha lanzado m\u00e1s de 150 referencias discogr\u00e1ficas en<\/p>\n<p>sellos de primer nivel como Sony\/BMG, Blanco &amp; Negro, Toolroom, Bedrock o Intec; y tambi\u00e9n gestiona su propia etiqueta: Pornographic Recordings.<\/p>\n<p>Cristian Varela ha sabido encontrar el balance ideal entre el estudio y la cabina, y es respetado internacionalmente por ser uno de los grandes embajadores espa\u00f1oles del techno. Sus en\u00e9rgicos sets a tres y cuatro platos han recorrido el mundo y han marcado el gusto musical de una generaci\u00f3n. Activista de la escena madrile\u00f1a desde los 90, funda en 1994 su productora musical Phrenetic Society, y todav\u00eda hoy no cesa en su faceta de promotor. Suyas son propuestas como el Electrobeach Festival (Benidorm), uno de los festivales m\u00e1s importantes de Europa, y Cristian Varela &amp; Friends, el proyecto musical inaugurado el verano de 2013 para la sala Vista Club de Privilege Ibiza, que le ha valido ser nombrado Mejor DJ Techno en los DJ Awards 2013.<\/p>\n<\/div>\n<\/div>\n<\/div>\n<\/div>\n<\/div>\n<\/div>\n<\/div>\n","protected":false},"excerpt":{"rendered":"<p>Fridays at 4pm EST on enationFM.<\/p>\n","protected":false},"author":1,"featured_media":43524,"comment_status":"closed","ping_status":"open","sticky":true,"template":"","format":"standard","meta":{"footnotes":""},"categories":[14],"tags":[1392,1623],"class_list":["post-3175","post","type-post","status-publish","format-standard","has-post-thumbnail","hentry","category-enationradio","tag-cristian","tag-radio"],"_links":{"self":[{"href":"https:\/\/www.enation.fm\/artists\/wp-json\/wp\/v2\/posts\/3175","targetHints":{"allow":["GET"]}}],"collection":[{"href":"https:\/\/www.enation.fm\/artists\/wp-json\/wp\/v2\/posts"}],"about":[{"href":"https:\/\/www.enation.fm\/artists\/wp-json\/wp\/v2\/types\/post"}],"author":[{"embeddable":true,"href":"https:\/\/www.enation.fm\/artists\/wp-json\/wp\/v2\/users\/1"}],"replies":[{"embeddable":true,"href":"https:\/\/www.enation.fm\/artists\/wp-json\/wp\/v2\/comments?post=3175"}],"version-history":[{"count":1,"href":"https:\/\/www.enation.fm\/artists\/wp-json\/wp\/v2\/posts\/3175\/revisions"}],"predecessor-version":[{"id":3177,"href":"https:\/\/www.enation.fm\/artists\/wp-json\/wp\/v2\/posts\/3175\/revisions\/3177"}],"wp:featuredmedia":[{"embeddable":true,"href":"https:\/\/www.enation.fm\/artists\/wp-json\/wp\/v2\/media\/43524"}],"wp:attachment":[{"href":"https:\/\/www.enation.fm\/artists\/wp-json\/wp\/v2\/media?parent=3175"}],"wp:term":[{"taxonomy":"category","embeddable":true,"href":"https:\/\/www.enation.fm\/artists\/wp-json\/wp\/v2\/categories?post=3175"},{"taxonomy":"post_tag","embeddable":true,"href":"https:\/\/www.enation.fm\/artists\/wp-json\/wp\/v2\/tags?post=3175"}],"curies":[{"name":"wp","href":"https:\/\/api.w.org\/{rel}","templated":true}]}}